{"id":1040,"date":"2025-08-18T13:26:57","date_gmt":"2025-08-18T13:26:57","guid":{"rendered":"https:\/\/absoluteabfahrt.ilrc.de\/?p=1040"},"modified":"2025-08-18T13:26:57","modified_gmt":"2025-08-18T13:26:57","slug":"deutsche-meisterschaft-mit-gaensehaut","status":"publish","type":"post","link":"https:\/\/absoluteabfahrt.ilrc.de\/?p=1040","title":{"rendered":"Deutsche Meisterschaft mit G\u00e4nsehaut"},"content":{"rendered":"\n<p>Ilmenau hat geliefert: drei Tage pure Action, bestes Racing und eine Stimmung, die ihresgleichen sucht. Staub, Sonne und frenetische Fans machten die Deutsche Meisterschaft 2025 zu einem Wochenende, das man so schnell nicht vergessen wird. Auf einer anspruchsvollen und staubtrockenen Strecke k\u00fcrte sich Henri Kiefer zum Deutschen Meister und Nina Hoffmann zur Deutschen Meisterin \u2013 unter tosendem Applaus im Hexenkessel von Ilmenau.<\/p>\n\n\n\n<figure class=\"wp-block-image size-large\"><a href=\"https:\/\/absoluteabfahrt.ilrc.de\/wp-content\/uploads\/2025\/08\/Podium_Elite_Women_-_DHC_Ilmenau_2025-3-scaled.jpg\"><img decoding=\"async\" loading=\"lazy\" width=\"1024\" height=\"683\" src=\"https:\/\/absoluteabfahrt.ilrc.de\/wp-content\/uploads\/2025\/08\/Podium_Elite_Women_-_DHC_Ilmenau_2025-3-1024x683.jpg\" alt=\"\" class=\"wp-image-1037\" srcset=\"https:\/\/absoluteabfahrt.ilrc.de\/wp-content\/uploads\/2025\/08\/Podium_Elite_Women_-_DHC_Ilmenau_2025-3-1024x683.jpg 1024w, https:\/\/absoluteabfahrt.ilrc.de\/wp-content\/uploads\/2025\/08\/Podium_Elite_Women_-_DHC_Ilmenau_2025-3-300x200.jpg 300w, https:\/\/absoluteabfahrt.ilrc.de\/wp-content\/uploads\/2025\/08\/Podium_Elite_Women_-_DHC_Ilmenau_2025-3-768x512.jpg 768w, https:\/\/absoluteabfahrt.ilrc.de\/wp-content\/uploads\/2025\/08\/Podium_Elite_Women_-_DHC_Ilmenau_2025-3-1536x1024.jpg 1536w, https:\/\/absoluteabfahrt.ilrc.de\/wp-content\/uploads\/2025\/08\/Podium_Elite_Women_-_DHC_Ilmenau_2025-3-2048x1365.jpg 2048w, https:\/\/absoluteabfahrt.ilrc.de\/wp-content\/uploads\/2025\/08\/Podium_Elite_Women_-_DHC_Ilmenau_2025-3-150x100.jpg 150w\" sizes=\"(max-width: 1024px) 100vw, 1024px\" \/><\/a><\/figure>\n\n\n\n<p><\/p>\n\n\n\n<h2 class=\"wp-block-heading has-medium-font-size\" style=\"font-style:normal;font-weight:700\">Freitag \u2013 Training im Sommermodus<\/h2>\n\n\n\n<p><\/p>\n\n\n\n<p>Der Auftakt zur Meisterschaft h\u00e4tte kaum besser sein k\u00f6nnen: strahlender Sonnenschein, 33 Grad und bereits Stimmung wie bei manchem Finale. Staubig, schnell und mit unz\u00e4hligen Steinen forderte sie von Beginn an Pr\u00e4zision und Mut.\u00a0<strong>Nina Hoffmann (GER \u2013 Santa Cruz Syndicate)<\/strong>\u00a0und\u00a0<strong>Henri Kiefer (GER \u2013 Canyon CLLCTV)<\/strong>\u00a0gaben in der offiziellen Course Preview den perfekten Vorgeschmack auf die Highspeed-Action, die am Wochenende folgen sollte.<\/p>\n\n\n\n<figure class=\"wp-block-embed is-type-video is-provider-youtube wp-block-embed-youtube wp-embed-aspect-16-9 wp-has-aspect-ratio\"><div class=\"wp-block-embed__wrapper\">\n<iframe loading=\"lazy\" title=\"Maxxis Course Preview  - iXS DHC #5 Ilmenau \ud83c\udde9\ud83c\uddea 2025\" width=\"700\" height=\"394\" src=\"https:\/\/www.youtube.com\/embed\/mJIuTYfZWhU?feature=oembed\" frameborder=\"0\" allow=\"accelerometer; autoplay; clipboard-write; encrypted-media; gyroscope; picture-in-picture; web-share\" referrerpolicy=\"strict-origin-when-cross-origin\" allowfullscreen><\/iframe>\n<\/div><\/figure>\n\n\n\n<p><\/p>\n\n\n\n<h2 class=\"wp-block-heading has-medium-font-size\" style=\"font-style:normal;font-weight:700\">Samstag \u2013 Seeding Run<\/h2>\n\n\n\n<p><\/p>\n\n\n\n<p>Am Samstag gab es erneut einen Stimmungsboost \u2013 Sonne satt, feinstes Racing und \u00fcber 400 Rider, die alles gaben. Das Seeding bot bereits packende Zeiten:\u00a0<strong>Henri Kiefer\u00a0<\/strong>schnappte sich die Bestzeit mit 0,7 Sekunden Vorsprung vor\u00a0<strong>Max Hartenstern (GER \u2013 Cube Factory Racing)<\/strong>. Bei den Elite Women dominierte\u00a0<strong>Nina Hoffmann<\/strong>\u00a0vor Raphaela Richter das Feld der Elite Women souver\u00e4n und zeigte schon hier, dass sie das Ma\u00df aller Dinge sein w\u00fcrde.<\/p>\n\n\n\n<figure class=\"wp-block-gallery has-nested-images columns-default is-cropped wp-block-gallery-1 is-layout-flex\">\n<figure class=\"wp-block-image size-large\"><a href=\"https:\/\/absoluteabfahrt.ilrc.de\/wp-content\/uploads\/2025\/08\/Fans_Nina_-_DHC_Ilmenau_2025-scaled.jpg\"><img decoding=\"async\" loading=\"lazy\" width=\"1024\" height=\"683\" data-id=\"1046\"  src=\"https:\/\/absoluteabfahrt.ilrc.de\/wp-content\/uploads\/2025\/08\/Fans_Nina_-_DHC_Ilmenau_2025-1024x683.jpg\" alt=\"\" class=\"wp-image-1046\" srcset=\"https:\/\/absoluteabfahrt.ilrc.de\/wp-content\/uploads\/2025\/08\/Fans_Nina_-_DHC_Ilmenau_2025-1024x683.jpg 1024w, https:\/\/absoluteabfahrt.ilrc.de\/wp-content\/uploads\/2025\/08\/Fans_Nina_-_DHC_Ilmenau_2025-300x200.jpg 300w, https:\/\/absoluteabfahrt.ilrc.de\/wp-content\/uploads\/2025\/08\/Fans_Nina_-_DHC_Ilmenau_2025-768x512.jpg 768w, https:\/\/absoluteabfahrt.ilrc.de\/wp-content\/uploads\/2025\/08\/Fans_Nina_-_DHC_Ilmenau_2025-1536x1024.jpg 1536w, https:\/\/absoluteabfahrt.ilrc.de\/wp-content\/uploads\/2025\/08\/Fans_Nina_-_DHC_Ilmenau_2025-2048x1365.jpg 2048w, https:\/\/absoluteabfahrt.ilrc.de\/wp-content\/uploads\/2025\/08\/Fans_Nina_-_DHC_Ilmenau_2025-150x100.jpg 150w\" sizes=\"(max-width: 1024px) 100vw, 1024px\" \/><\/a><\/figure>\n\n\n\n<figure class=\"wp-block-image size-large\"><a href=\"https:\/\/absoluteabfahrt.ilrc.de\/wp-content\/uploads\/2025\/08\/Lino_Donath-Franke_-_DHC_Ilmenau_2025-scaled.jpg\"><img decoding=\"async\" loading=\"lazy\" width=\"1024\" height=\"683\" data-id=\"1045\"  src=\"https:\/\/absoluteabfahrt.ilrc.de\/wp-content\/uploads\/2025\/08\/Lino_Donath-Franke_-_DHC_Ilmenau_2025-1024x683.jpg\" alt=\"\" class=\"wp-image-1045\" srcset=\"https:\/\/absoluteabfahrt.ilrc.de\/wp-content\/uploads\/2025\/08\/Lino_Donath-Franke_-_DHC_Ilmenau_2025-1024x683.jpg 1024w, https:\/\/absoluteabfahrt.ilrc.de\/wp-content\/uploads\/2025\/08\/Lino_Donath-Franke_-_DHC_Ilmenau_2025-300x200.jpg 300w, https:\/\/absoluteabfahrt.ilrc.de\/wp-content\/uploads\/2025\/08\/Lino_Donath-Franke_-_DHC_Ilmenau_2025-768x512.jpg 768w, https:\/\/absoluteabfahrt.ilrc.de\/wp-content\/uploads\/2025\/08\/Lino_Donath-Franke_-_DHC_Ilmenau_2025-1536x1024.jpg 1536w, https:\/\/absoluteabfahrt.ilrc.de\/wp-content\/uploads\/2025\/08\/Lino_Donath-Franke_-_DHC_Ilmenau_2025-2048x1365.jpg 2048w, https:\/\/absoluteabfahrt.ilrc.de\/wp-content\/uploads\/2025\/08\/Lino_Donath-Franke_-_DHC_Ilmenau_2025-150x100.jpg 150w\" sizes=\"(max-width: 1024px) 100vw, 1024px\" \/><\/a><\/figure>\n\n\n\n<figure class=\"wp-block-image size-large\"><a href=\"https:\/\/absoluteabfahrt.ilrc.de\/wp-content\/uploads\/2025\/08\/Mechanic_Max_Hartenstern_-_DHC_Ilmenau_2025-scaled.jpg\"><img decoding=\"async\" loading=\"lazy\" width=\"1024\" height=\"683\" data-id=\"1042\"  src=\"https:\/\/absoluteabfahrt.ilrc.de\/wp-content\/uploads\/2025\/08\/Mechanic_Max_Hartenstern_-_DHC_Ilmenau_2025-1024x683.jpg\" alt=\"\" class=\"wp-image-1042\" srcset=\"https:\/\/absoluteabfahrt.ilrc.de\/wp-content\/uploads\/2025\/08\/Mechanic_Max_Hartenstern_-_DHC_Ilmenau_2025-1024x683.jpg 1024w, https:\/\/absoluteabfahrt.ilrc.de\/wp-content\/uploads\/2025\/08\/Mechanic_Max_Hartenstern_-_DHC_Ilmenau_2025-300x200.jpg 300w, https:\/\/absoluteabfahrt.ilrc.de\/wp-content\/uploads\/2025\/08\/Mechanic_Max_Hartenstern_-_DHC_Ilmenau_2025-768x512.jpg 768w, https:\/\/absoluteabfahrt.ilrc.de\/wp-content\/uploads\/2025\/08\/Mechanic_Max_Hartenstern_-_DHC_Ilmenau_2025-1536x1024.jpg 1536w, https:\/\/absoluteabfahrt.ilrc.de\/wp-content\/uploads\/2025\/08\/Mechanic_Max_Hartenstern_-_DHC_Ilmenau_2025-2048x1365.jpg 2048w, https:\/\/absoluteabfahrt.ilrc.de\/wp-content\/uploads\/2025\/08\/Mechanic_Max_Hartenstern_-_DHC_Ilmenau_2025-150x100.jpg 150w\" sizes=\"(max-width: 1024px) 100vw, 1024px\" \/><\/a><\/figure>\n\n\n\n<figure class=\"wp-block-image size-large\"><a href=\"https:\/\/absoluteabfahrt.ilrc.de\/wp-content\/uploads\/2025\/08\/Nina_Hoffmann_-_DHC_Ilmenau_2025-3-scaled.jpg\"><img decoding=\"async\" loading=\"lazy\" width=\"1024\" height=\"683\" data-id=\"1044\"  src=\"https:\/\/absoluteabfahrt.ilrc.de\/wp-content\/uploads\/2025\/08\/Nina_Hoffmann_-_DHC_Ilmenau_2025-3-1024x683.jpg\" alt=\"\" class=\"wp-image-1044\" srcset=\"https:\/\/absoluteabfahrt.ilrc.de\/wp-content\/uploads\/2025\/08\/Nina_Hoffmann_-_DHC_Ilmenau_2025-3-1024x683.jpg 1024w, https:\/\/absoluteabfahrt.ilrc.de\/wp-content\/uploads\/2025\/08\/Nina_Hoffmann_-_DHC_Ilmenau_2025-3-300x200.jpg 300w, https:\/\/absoluteabfahrt.ilrc.de\/wp-content\/uploads\/2025\/08\/Nina_Hoffmann_-_DHC_Ilmenau_2025-3-768x512.jpg 768w, https:\/\/absoluteabfahrt.ilrc.de\/wp-content\/uploads\/2025\/08\/Nina_Hoffmann_-_DHC_Ilmenau_2025-3-1536x1024.jpg 1536w, https:\/\/absoluteabfahrt.ilrc.de\/wp-content\/uploads\/2025\/08\/Nina_Hoffmann_-_DHC_Ilmenau_2025-3-2048x1365.jpg 2048w, https:\/\/absoluteabfahrt.ilrc.de\/wp-content\/uploads\/2025\/08\/Nina_Hoffmann_-_DHC_Ilmenau_2025-3-150x100.jpg 150w\" sizes=\"(max-width: 1024px) 100vw, 1024px\" \/><\/a><\/figure>\n\n\n\n<figure class=\"wp-block-image size-large\"><a href=\"https:\/\/absoluteabfahrt.ilrc.de\/wp-content\/uploads\/2025\/08\/Nina_Hoffmann_-_DHC_Ilmenau_2025-scaled.jpg\"><img decoding=\"async\" loading=\"lazy\" width=\"1024\" height=\"683\" data-id=\"1041\"  src=\"https:\/\/absoluteabfahrt.ilrc.de\/wp-content\/uploads\/2025\/08\/Nina_Hoffmann_-_DHC_Ilmenau_2025-1024x683.jpg\" alt=\"\" class=\"wp-image-1041\" srcset=\"https:\/\/absoluteabfahrt.ilrc.de\/wp-content\/uploads\/2025\/08\/Nina_Hoffmann_-_DHC_Ilmenau_2025-1024x683.jpg 1024w, https:\/\/absoluteabfahrt.ilrc.de\/wp-content\/uploads\/2025\/08\/Nina_Hoffmann_-_DHC_Ilmenau_2025-300x200.jpg 300w, https:\/\/absoluteabfahrt.ilrc.de\/wp-content\/uploads\/2025\/08\/Nina_Hoffmann_-_DHC_Ilmenau_2025-768x512.jpg 768w, https:\/\/absoluteabfahrt.ilrc.de\/wp-content\/uploads\/2025\/08\/Nina_Hoffmann_-_DHC_Ilmenau_2025-1536x1024.jpg 1536w, https:\/\/absoluteabfahrt.ilrc.de\/wp-content\/uploads\/2025\/08\/Nina_Hoffmann_-_DHC_Ilmenau_2025-2048x1365.jpg 2048w, https:\/\/absoluteabfahrt.ilrc.de\/wp-content\/uploads\/2025\/08\/Nina_Hoffmann_-_DHC_Ilmenau_2025-150x100.jpg 150w\" sizes=\"(max-width: 1024px) 100vw, 1024px\" \/><\/a><\/figure>\n\n\n\n<figure class=\"wp-block-image size-large\"><a href=\"https:\/\/absoluteabfahrt.ilrc.de\/wp-content\/uploads\/2025\/08\/Paddock_-_DHC_Ilmenau_2025-scaled.jpg\"><img decoding=\"async\" loading=\"lazy\" width=\"1024\" height=\"683\" data-id=\"1043\"  src=\"https:\/\/absoluteabfahrt.ilrc.de\/wp-content\/uploads\/2025\/08\/Paddock_-_DHC_Ilmenau_2025-1024x683.jpg\" alt=\"\" class=\"wp-image-1043\" srcset=\"https:\/\/absoluteabfahrt.ilrc.de\/wp-content\/uploads\/2025\/08\/Paddock_-_DHC_Ilmenau_2025-1024x683.jpg 1024w, https:\/\/absoluteabfahrt.ilrc.de\/wp-content\/uploads\/2025\/08\/Paddock_-_DHC_Ilmenau_2025-300x200.jpg 300w, https:\/\/absoluteabfahrt.ilrc.de\/wp-content\/uploads\/2025\/08\/Paddock_-_DHC_Ilmenau_2025-768x512.jpg 768w, https:\/\/absoluteabfahrt.ilrc.de\/wp-content\/uploads\/2025\/08\/Paddock_-_DHC_Ilmenau_2025-1536x1024.jpg 1536w, https:\/\/absoluteabfahrt.ilrc.de\/wp-content\/uploads\/2025\/08\/Paddock_-_DHC_Ilmenau_2025-2048x1365.jpg 2048w, https:\/\/absoluteabfahrt.ilrc.de\/wp-content\/uploads\/2025\/08\/Paddock_-_DHC_Ilmenau_2025-150x100.jpg 150w\" sizes=\"(max-width: 1024px) 100vw, 1024px\" \/><\/a><\/figure>\n<\/figure>\n\n\n\n<p><\/p>\n\n\n\n<h2 class=\"wp-block-heading has-medium-font-size\" style=\"font-style:normal;font-weight:700\">Sonntag \u2013 Das gro\u00dfe Meisterschaftsfinale<\/h2>\n\n\n\n<p><\/p>\n\n\n\n<p>Der Sonntag war ein Festtag: angenehme Temperaturen, perfekte Rennbedingungen und eine Zuschauer-Kulisse, die jedes Finale zur Party machte. Die legend\u00e4re Fankurve bebte f\u00f6rmlich, als die Rider ins Ziel donnerten.<\/p>\n\n\n\n<figure class=\"wp-block-gallery has-nested-images columns-default is-cropped wp-block-gallery-3 is-layout-flex\">\n<figure class=\"wp-block-image size-large\"><a href=\"https:\/\/absoluteabfahrt.ilrc.de\/wp-content\/uploads\/2025\/08\/Max_Hartenstern_-_DHC_Ilmenau_2025-_Finish-scaled.jpg\"><img decoding=\"async\" loading=\"lazy\" width=\"1024\" height=\"683\" data-id=\"1033\"  src=\"https:\/\/absoluteabfahrt.ilrc.de\/wp-content\/uploads\/2025\/08\/Max_Hartenstern_-_DHC_Ilmenau_2025-_Finish-1024x683.jpg\" alt=\"\" class=\"wp-image-1033\" srcset=\"https:\/\/absoluteabfahrt.ilrc.de\/wp-content\/uploads\/2025\/08\/Max_Hartenstern_-_DHC_Ilmenau_2025-_Finish-1024x683.jpg 1024w, https:\/\/absoluteabfahrt.ilrc.de\/wp-content\/uploads\/2025\/08\/Max_Hartenstern_-_DHC_Ilmenau_2025-_Finish-300x200.jpg 300w, https:\/\/absoluteabfahrt.ilrc.de\/wp-content\/uploads\/2025\/08\/Max_Hartenstern_-_DHC_Ilmenau_2025-_Finish-768x512.jpg 768w, https:\/\/absoluteabfahrt.ilrc.de\/wp-content\/uploads\/2025\/08\/Max_Hartenstern_-_DHC_Ilmenau_2025-_Finish-1536x1024.jpg 1536w, https:\/\/absoluteabfahrt.ilrc.de\/wp-content\/uploads\/2025\/08\/Max_Hartenstern_-_DHC_Ilmenau_2025-_Finish-2048x1365.jpg 2048w, https:\/\/absoluteabfahrt.ilrc.de\/wp-content\/uploads\/2025\/08\/Max_Hartenstern_-_DHC_Ilmenau_2025-_Finish-150x100.jpg 150w\" sizes=\"(max-width: 1024px) 100vw, 1024px\" \/><\/a><\/figure>\n\n\n\n<figure class=\"wp-block-image size-large\"><a href=\"https:\/\/absoluteabfahrt.ilrc.de\/wp-content\/uploads\/2025\/08\/Henri_Kiefer_-_DHC_Ilmenau_2025-scaled.jpg\"><img decoding=\"async\" loading=\"lazy\" width=\"1024\" height=\"683\" data-id=\"1032\"  src=\"https:\/\/absoluteabfahrt.ilrc.de\/wp-content\/uploads\/2025\/08\/Henri_Kiefer_-_DHC_Ilmenau_2025-1024x683.jpg\" alt=\"\" class=\"wp-image-1032\" srcset=\"https:\/\/absoluteabfahrt.ilrc.de\/wp-content\/uploads\/2025\/08\/Henri_Kiefer_-_DHC_Ilmenau_2025-1024x683.jpg 1024w, https:\/\/absoluteabfahrt.ilrc.de\/wp-content\/uploads\/2025\/08\/Henri_Kiefer_-_DHC_Ilmenau_2025-300x200.jpg 300w, https:\/\/absoluteabfahrt.ilrc.de\/wp-content\/uploads\/2025\/08\/Henri_Kiefer_-_DHC_Ilmenau_2025-768x512.jpg 768w, https:\/\/absoluteabfahrt.ilrc.de\/wp-content\/uploads\/2025\/08\/Henri_Kiefer_-_DHC_Ilmenau_2025-1536x1024.jpg 1536w, https:\/\/absoluteabfahrt.ilrc.de\/wp-content\/uploads\/2025\/08\/Henri_Kiefer_-_DHC_Ilmenau_2025-2048x1365.jpg 2048w, https:\/\/absoluteabfahrt.ilrc.de\/wp-content\/uploads\/2025\/08\/Henri_Kiefer_-_DHC_Ilmenau_2025-150x100.jpg 150w\" sizes=\"(max-width: 1024px) 100vw, 1024px\" \/><\/a><\/figure>\n\n\n\n<figure class=\"wp-block-image size-large\"><a href=\"https:\/\/absoluteabfahrt.ilrc.de\/wp-content\/uploads\/2025\/08\/Henri_Kiefer_-_DHC_Ilmenau_2025-3-scaled.jpg\"><img decoding=\"async\" loading=\"lazy\" width=\"1024\" height=\"683\" data-id=\"1031\"  src=\"https:\/\/absoluteabfahrt.ilrc.de\/wp-content\/uploads\/2025\/08\/Henri_Kiefer_-_DHC_Ilmenau_2025-3-1024x683.jpg\" alt=\"\" class=\"wp-image-1031\" srcset=\"https:\/\/absoluteabfahrt.ilrc.de\/wp-content\/uploads\/2025\/08\/Henri_Kiefer_-_DHC_Ilmenau_2025-3-1024x683.jpg 1024w, https:\/\/absoluteabfahrt.ilrc.de\/wp-content\/uploads\/2025\/08\/Henri_Kiefer_-_DHC_Ilmenau_2025-3-300x200.jpg 300w, https:\/\/absoluteabfahrt.ilrc.de\/wp-content\/uploads\/2025\/08\/Henri_Kiefer_-_DHC_Ilmenau_2025-3-768x512.jpg 768w, https:\/\/absoluteabfahrt.ilrc.de\/wp-content\/uploads\/2025\/08\/Henri_Kiefer_-_DHC_Ilmenau_2025-3-1536x1024.jpg 1536w, https:\/\/absoluteabfahrt.ilrc.de\/wp-content\/uploads\/2025\/08\/Henri_Kiefer_-_DHC_Ilmenau_2025-3-2048x1365.jpg 2048w, https:\/\/absoluteabfahrt.ilrc.de\/wp-content\/uploads\/2025\/08\/Henri_Kiefer_-_DHC_Ilmenau_2025-3-150x100.jpg 150w\" sizes=\"(max-width: 1024px) 100vw, 1024px\" \/><\/a><\/figure>\n\n\n\n<figure class=\"wp-block-image size-large\"><a href=\"https:\/\/absoluteabfahrt.ilrc.de\/wp-content\/uploads\/2025\/08\/Crowded_Finish_Area_-_DHC_Ilmenau_2025-scaled.jpg\"><img decoding=\"async\" loading=\"lazy\" width=\"1024\" height=\"683\" data-id=\"1028\"  src=\"https:\/\/absoluteabfahrt.ilrc.de\/wp-content\/uploads\/2025\/08\/Crowded_Finish_Area_-_DHC_Ilmenau_2025-1024x683.jpg\" alt=\"\" class=\"wp-image-1028\" srcset=\"https:\/\/absoluteabfahrt.ilrc.de\/wp-content\/uploads\/2025\/08\/Crowded_Finish_Area_-_DHC_Ilmenau_2025-1024x683.jpg 1024w, https:\/\/absoluteabfahrt.ilrc.de\/wp-content\/uploads\/2025\/08\/Crowded_Finish_Area_-_DHC_Ilmenau_2025-300x200.jpg 300w, https:\/\/absoluteabfahrt.ilrc.de\/wp-content\/uploads\/2025\/08\/Crowded_Finish_Area_-_DHC_Ilmenau_2025-768x512.jpg 768w, https:\/\/absoluteabfahrt.ilrc.de\/wp-content\/uploads\/2025\/08\/Crowded_Finish_Area_-_DHC_Ilmenau_2025-1536x1024.jpg 1536w, https:\/\/absoluteabfahrt.ilrc.de\/wp-content\/uploads\/2025\/08\/Crowded_Finish_Area_-_DHC_Ilmenau_2025-2048x1365.jpg 2048w, https:\/\/absoluteabfahrt.ilrc.de\/wp-content\/uploads\/2025\/08\/Crowded_Finish_Area_-_DHC_Ilmenau_2025-150x100.jpg 150w\" sizes=\"(max-width: 1024px) 100vw, 1024px\" \/><\/a><\/figure>\n<\/figure>\n\n\n\n<p><\/p>\n\n\n\n<p class=\"has-medium-font-size\"><strong>Elite Women Sieger<\/strong><\/p>\n\n\n\n<figure class=\"wp-block-image size-large is-resized\"><a href=\"https:\/\/absoluteabfahrt.ilrc.de\/wp-content\/uploads\/2025\/08\/Podium_Elite_Women_-_DHC_Ilmenau_2025-3-scaled.jpg\"><img decoding=\"async\" loading=\"lazy\" src=\"https:\/\/absoluteabfahrt.ilrc.de\/wp-content\/uploads\/2025\/08\/Podium_Elite_Women_-_DHC_Ilmenau_2025-3-1024x683.jpg\" alt=\"\" class=\"wp-image-1037\" width=\"842\" height=\"561\" srcset=\"https:\/\/absoluteabfahrt.ilrc.de\/wp-content\/uploads\/2025\/08\/Podium_Elite_Women_-_DHC_Ilmenau_2025-3-1024x683.jpg 1024w, https:\/\/absoluteabfahrt.ilrc.de\/wp-content\/uploads\/2025\/08\/Podium_Elite_Women_-_DHC_Ilmenau_2025-3-300x200.jpg 300w, https:\/\/absoluteabfahrt.ilrc.de\/wp-content\/uploads\/2025\/08\/Podium_Elite_Women_-_DHC_Ilmenau_2025-3-768x512.jpg 768w, https:\/\/absoluteabfahrt.ilrc.de\/wp-content\/uploads\/2025\/08\/Podium_Elite_Women_-_DHC_Ilmenau_2025-3-1536x1024.jpg 1536w, https:\/\/absoluteabfahrt.ilrc.de\/wp-content\/uploads\/2025\/08\/Podium_Elite_Women_-_DHC_Ilmenau_2025-3-2048x1365.jpg 2048w, https:\/\/absoluteabfahrt.ilrc.de\/wp-content\/uploads\/2025\/08\/Podium_Elite_Women_-_DHC_Ilmenau_2025-3-150x100.jpg 150w\" sizes=\"(max-width: 842px) 100vw, 842px\" \/><\/a><figcaption class=\"wp-element-caption\">Bei den Elite Women stand\u00a0<strong>Nina Hoffmann<\/strong>\u00a0ganz oben auf dem Podium und jubelte \u00fcber ihren n\u00e4chsten Meistertitel.\u00a0<strong>Raphaela Richter<\/strong>\u00a0belegte Platz zwei,\u00a0<strong>Hanna Blochberger (GER \u2013 Fahrrad Eberhardt Racing)<\/strong>\u00a0komplettierte das Podium auf Rang drei.<\/figcaption><\/figure>\n\n\n\n<p><\/p>\n\n\n\n<p class=\"has-medium-font-size\"><strong>Elite Men Sieger<\/strong><\/p>\n\n\n\n<figure class=\"wp-block-image size-large\"><a href=\"https:\/\/absoluteabfahrt.ilrc.de\/wp-content\/uploads\/2025\/08\/Henri_Kiefer_-_DHC_Ilmenau_2025-2-scaled.jpg\"><img decoding=\"async\" loading=\"lazy\" width=\"1024\" height=\"683\" src=\"https:\/\/absoluteabfahrt.ilrc.de\/wp-content\/uploads\/2025\/08\/Henri_Kiefer_-_DHC_Ilmenau_2025-2-1024x683.jpg\" alt=\"\" class=\"wp-image-1047\" srcset=\"https:\/\/absoluteabfahrt.ilrc.de\/wp-content\/uploads\/2025\/08\/Henri_Kiefer_-_DHC_Ilmenau_2025-2-1024x683.jpg 1024w, https:\/\/absoluteabfahrt.ilrc.de\/wp-content\/uploads\/2025\/08\/Henri_Kiefer_-_DHC_Ilmenau_2025-2-300x200.jpg 300w, https:\/\/absoluteabfahrt.ilrc.de\/wp-content\/uploads\/2025\/08\/Henri_Kiefer_-_DHC_Ilmenau_2025-2-768x512.jpg 768w, https:\/\/absoluteabfahrt.ilrc.de\/wp-content\/uploads\/2025\/08\/Henri_Kiefer_-_DHC_Ilmenau_2025-2-1536x1024.jpg 1536w, https:\/\/absoluteabfahrt.ilrc.de\/wp-content\/uploads\/2025\/08\/Henri_Kiefer_-_DHC_Ilmenau_2025-2-2048x1365.jpg 2048w, https:\/\/absoluteabfahrt.ilrc.de\/wp-content\/uploads\/2025\/08\/Henri_Kiefer_-_DHC_Ilmenau_2025-2-150x100.jpg 150w\" sizes=\"(max-width: 1024px) 100vw, 1024px\" \/><\/a><figcaption class=\"wp-element-caption\">In der Elite Men-Klasse gelang\u00a0<strong>Henri Kiefer<\/strong>\u00a0die Titelverteidigung und er kr\u00f6nte sich erneut zum Deutschen Meister.\u00a0<strong>Max Hartenstern<\/strong>\u00a0holte Silber, w\u00e4hrend\u00a0<strong>Simon Maurer (GER \u2013 Schornsteinfeger Maurer)<\/strong>\u00a0mit Rang drei f\u00fcr eine \u00dcberraschung sorgte.<\/figcaption><\/figure>\n\n\n\n<p><\/p>\n\n\n\n<h2 class=\"wp-block-heading has-medium-font-size\" style=\"font-style:normal;font-weight:700\">Siegerehrung Deluxe<\/h2>\n\n\n\n<p><\/p>\n\n\n\n<p>Zum Abschluss wurde in Ilmenau noch einmal alles gefeiert: Sektduschen, laute Jubelrufe und sogar Stage Diving machten die Siegerehrung zu einem unvergesslichen Finale. Die Deutsche Meisterschaft 2025 in Ilmenau war ein Wochenende voller G\u00e4nsehaut \u2013 und ein Beweis, warum dieser Ort Jahr f\u00fcr Jahr das Herzst\u00fcck des deutschen Downhillsports ist.<\/p>\n","protected":false},"excerpt":{"rendered":"<p>Ilmenau hat geliefert: drei Tage pure Action, bestes Racing und eine Stimmung, die ihresgleichen sucht. Staub, Sonne und frenetische Fans machten die Deutsche Meisterschaft 2025 zu einem Wochenende, das man so schnell nicht vergessen wird. Auf einer anspruchsvollen und staubtrockenen Strecke k\u00fcrte sich Henri Kiefer zum Deutschen Meister und Nina&#8230;<\/p>\n<p class=\"continue-reading-button\"> <a class=\"continue-reading-link\" href=\"https:\/\/absoluteabfahrt.ilrc.de\/?p=1040\">Weiterlesen<i class=\"crycon-right-dir\"><\/i><\/a><\/p>\n","protected":false},"author":1,"featured_media":0,"comment_status":"closed","ping_status":"open","sticky":false,"template":"","format":"standard","meta":[],"categories":[1],"tags":[],"_links":{"self":[{"href":"https:\/\/absoluteabfahrt.ilrc.de\/index.php?rest_route=\/wp\/v2\/posts\/1040"}],"collection":[{"href":"https:\/\/absoluteabfahrt.ilrc.de\/index.php?rest_route=\/wp\/v2\/posts"}],"about":[{"href":"https:\/\/absoluteabfahrt.ilrc.de\/index.php?rest_route=\/wp\/v2\/types\/post"}],"author":[{"embeddable":true,"href":"https:\/\/absoluteabfahrt.ilrc.de\/index.php?rest_route=\/wp\/v2\/users\/1"}],"replies":[{"embeddable":true,"href":"https:\/\/absoluteabfahrt.ilrc.de\/index.php?rest_route=%2Fwp%2Fv2%2Fcomments&post=1040"}],"version-history":[{"count":5,"href":"https:\/\/absoluteabfahrt.ilrc.de\/index.php?rest_route=\/wp\/v2\/posts\/1040\/revisions"}],"predecessor-version":[{"id":1052,"href":"https:\/\/absoluteabfahrt.ilrc.de\/index.php?rest_route=\/wp\/v2\/posts\/1040\/revisions\/1052"}],"wp:attachment":[{"href":"https:\/\/absoluteabfahrt.ilrc.de\/index.php?rest_route=%2Fwp%2Fv2%2Fmedia&parent=1040"}],"wp:term":[{"taxonomy":"category","embeddable":true,"href":"https:\/\/absoluteabfahrt.ilrc.de\/index.php?rest_route=%2Fwp%2Fv2%2Fcategories&post=1040"},{"taxonomy":"post_tag","embeddable":true,"href":"https:\/\/absoluteabfahrt.ilrc.de\/index.php?rest_route=%2Fwp%2Fv2%2Ftags&post=1040"}],"curies":[{"name":"wp","href":"https:\/\/api.w.org\/{rel}","templated":true}]}}