{"id":1095,"date":"2026-08-31T11:16:02","date_gmt":"2026-08-31T11:16:02","guid":{"rendered":"https:\/\/absoluteabfahrt.ilrc.de\/?p=1095"},"modified":"2026-08-31T11:41:44","modified_gmt":"2026-08-31T11:41:44","slug":"30-jahre-absolute-abfahrt","status":"publish","type":"post","link":"https:\/\/absoluteabfahrt.ilrc.de\/?p=1095","title":{"rendered":"30 Jahre Absolute Abfahrt"},"content":{"rendered":"\n<p class=\"has-medium-font-size\">Ilmenau feiert drei Jahrzehnte Downhill-Geschichte<\/p>\n\n\n\n<p><strong>30 Jahre Absolute Abfahrt \u2013 und Ilmenau hat einmal mehr gezeigt, warum dieses Rennen einen ganz besonderen Platz im Downhill-Kalender verdient. Zwischen Regen, Sonne, legend\u00e4ren Streckenpassagen und einer v\u00f6llig verr\u00fcckten Fankurve wurde das Jubil\u00e4umswochenende zu einem echten Fest f\u00fcr die Fans.<\/strong><\/p>\n\n\n\n<h3 class=\"wp-block-heading\">Nass in den Start<\/h3>\n\n\n\n<p>Der Auftakt in das Jubil\u00e4umswochenende begann zun\u00e4chst alles andere als trocken. W\u00e4hrend beim Track Walk noch Linien auf der 1.500 Meter langen Strecke analysiert wurden, \u00f6ffnete der Himmel seine Schleusen. Heftiger Regen sorgte daf\u00fcr, dass erst ab dem Nachmittag richtig trainiert werden konnte.<\/p>\n\n\n\n<figure class=\"wp-block-image size-large\"><a href=\"https:\/\/absoluteabfahrt.ilrc.de\/wp-content\/uploads\/2026\/08\/Luka_De_Vogel_-_DHC_Ilmenau_2026.webp\"><img decoding=\"async\" loading=\"lazy\" width=\"1024\" height=\"682\" src=\"https:\/\/absoluteabfahrt.ilrc.de\/wp-content\/uploads\/2026\/08\/Luka_De_Vogel_-_DHC_Ilmenau_2026-1024x682.webp\" alt=\"\" class=\"wp-image-1099\" srcset=\"https:\/\/absoluteabfahrt.ilrc.de\/wp-content\/uploads\/2026\/08\/Luka_De_Vogel_-_DHC_Ilmenau_2026-1024x682.webp 1024w, https:\/\/absoluteabfahrt.ilrc.de\/wp-content\/uploads\/2026\/08\/Luka_De_Vogel_-_DHC_Ilmenau_2026-300x200.webp 300w, https:\/\/absoluteabfahrt.ilrc.de\/wp-content\/uploads\/2026\/08\/Luka_De_Vogel_-_DHC_Ilmenau_2026-768x512.webp 768w, https:\/\/absoluteabfahrt.ilrc.de\/wp-content\/uploads\/2026\/08\/Luka_De_Vogel_-_DHC_Ilmenau_2026-1536x1024.webp 1536w, https:\/\/absoluteabfahrt.ilrc.de\/wp-content\/uploads\/2026\/08\/Luka_De_Vogel_-_DHC_Ilmenau_2026-150x100.webp 150w, https:\/\/absoluteabfahrt.ilrc.de\/wp-content\/uploads\/2026\/08\/Luka_De_Vogel_-_DHC_Ilmenau_2026.webp 1730w\" sizes=\"(max-width: 1024px) 100vw, 1024px\" \/><\/a><\/figure>\n\n\n\n<p><\/p>\n\n\n\n<p>Doch genau dieser Regen sollte sich im weiteren Verlauf als echter Gl\u00fccksfall erweisen. Der Boden nahm die Feuchtigkeit perfekt auf und entwickelte \u00fcber das Wochenende ordentlich Grip. Am Freitag war davon allerdings noch nicht viel zu sp\u00fcren: Vor allem die Wurzelpassagen und das Steinfeld waren langsam und rutschig. Die Strecke sollte in den kommenden Tagen noch deutlich schneller werden.<\/p>\n\n\n\n<figure class=\"wp-block-image size-large\"><a href=\"https:\/\/absoluteabfahrt.ilrc.de\/wp-content\/uploads\/2026\/08\/Lea_Stornebel_-_DHC_Ilmenau_2026.webp\"><img decoding=\"async\" loading=\"lazy\" width=\"1024\" height=\"495\" src=\"https:\/\/absoluteabfahrt.ilrc.de\/wp-content\/uploads\/2026\/08\/Lea_Stornebel_-_DHC_Ilmenau_2026-1024x495.webp\" alt=\"\" class=\"wp-image-1100\" srcset=\"https:\/\/absoluteabfahrt.ilrc.de\/wp-content\/uploads\/2026\/08\/Lea_Stornebel_-_DHC_Ilmenau_2026-1024x495.webp 1024w, https:\/\/absoluteabfahrt.ilrc.de\/wp-content\/uploads\/2026\/08\/Lea_Stornebel_-_DHC_Ilmenau_2026-300x145.webp 300w, https:\/\/absoluteabfahrt.ilrc.de\/wp-content\/uploads\/2026\/08\/Lea_Stornebel_-_DHC_Ilmenau_2026-768x372.webp 768w, https:\/\/absoluteabfahrt.ilrc.de\/wp-content\/uploads\/2026\/08\/Lea_Stornebel_-_DHC_Ilmenau_2026-1536x743.webp 1536w, https:\/\/absoluteabfahrt.ilrc.de\/wp-content\/uploads\/2026\/08\/Lea_Stornebel_-_DHC_Ilmenau_2026-150x73.webp 150w, https:\/\/absoluteabfahrt.ilrc.de\/wp-content\/uploads\/2026\/08\/Lea_Stornebel_-_DHC_Ilmenau_2026.webp 1730w\" sizes=\"(max-width: 1024px) 100vw, 1024px\" \/><\/a><\/figure>\n\n\n\n<p><\/p>\n\n\n\n<h3 class=\"wp-block-heading\"><strong>Die Spannung steigt<\/strong><\/h3>\n\n\n\n<p>\u00dcber Nacht bekam die Strecke noch einmal eine ordentliche Portion Wasser. Perfekt f\u00fcr die Fahrer, denn am Samstag pr\u00e4sentierte sich der Kurs griffig und deutlich schneller. Gleichzeitig f\u00fcllte sich Ilmenau immer mehr: Im Zielbereich und entlang der Strecke standen bereits zahlreiche Fans, w\u00e4hrend parallel der VPACE Kids Cup f\u00fcr jede Menge Nachwuchs-Action sorgte. Der gesamte Skihang war zeitweise von kleinen Downhillern und ihren Familien bev\u00f6lkert.<\/p>\n\n\n\n<figure class=\"wp-block-image size-large\"><a href=\"https:\/\/absoluteabfahrt.ilrc.de\/wp-content\/uploads\/2026\/08\/Hanna_Blochberger_-_DHC_Ilmenau_2026.webp\"><img decoding=\"async\" loading=\"lazy\" width=\"1024\" height=\"682\" src=\"https:\/\/absoluteabfahrt.ilrc.de\/wp-content\/uploads\/2026\/08\/Hanna_Blochberger_-_DHC_Ilmenau_2026-1024x682.webp\" alt=\"\" class=\"wp-image-1101\" srcset=\"https:\/\/absoluteabfahrt.ilrc.de\/wp-content\/uploads\/2026\/08\/Hanna_Blochberger_-_DHC_Ilmenau_2026-1024x682.webp 1024w, https:\/\/absoluteabfahrt.ilrc.de\/wp-content\/uploads\/2026\/08\/Hanna_Blochberger_-_DHC_Ilmenau_2026-300x200.webp 300w, https:\/\/absoluteabfahrt.ilrc.de\/wp-content\/uploads\/2026\/08\/Hanna_Blochberger_-_DHC_Ilmenau_2026-768x512.webp 768w, https:\/\/absoluteabfahrt.ilrc.de\/wp-content\/uploads\/2026\/08\/Hanna_Blochberger_-_DHC_Ilmenau_2026-1536x1024.webp 1536w, https:\/\/absoluteabfahrt.ilrc.de\/wp-content\/uploads\/2026\/08\/Hanna_Blochberger_-_DHC_Ilmenau_2026-150x100.webp 150w, https:\/\/absoluteabfahrt.ilrc.de\/wp-content\/uploads\/2026\/08\/Hanna_Blochberger_-_DHC_Ilmenau_2026.webp 1730w\" sizes=\"(max-width: 1024px) 100vw, 1024px\" \/><\/a><\/figure>\n\n\n\n<p><\/p>\n\n\n\n<p>Am Nachmittag wurde es dann ernst. Im Seeding Run ging es erstmals um schnelle Zeiten \u2013 und in den Elite-Klassen zeichneten sich die Favoriten bereits deutlich ab.&nbsp;<strong>Hanna Blochberger&nbsp;<\/strong>(GER &#8211; Eberhardt Racing Unit) holte sich bei den Elite Women die Pole Position, w\u00e4hrend&nbsp;<strong>Lino Neumann<\/strong>&nbsp;(GER &#8211; Scott Gravity Racing) bei den Elite Men erneut seine St\u00e4rke unter Beweis stellte und sich mit knapp zwei Sekunden Vorsprung an die Spitze setzte.<\/p>\n\n\n\n<div class=\"wp-block-buttons is-layout-flex\">\n<div class=\"wp-block-button has-custom-width wp-block-button__width-50 has-custom-font-size is-style-fill has-small-font-size\"><a class=\"wp-block-button__link wp-element-button\" href=\"\" style=\"border-radius:0px\" target=\"_blank\" rel=\"https:\/\/www.racement.com\/assets\/uploads\/raceResults\/2026\/iXS_DHC_5_-_Ilmenau\/RL_SR_DHC_Ilmenau_GER_2026.pdf noopener\">Ergebnisse Seeding Run<\/a><\/div>\n<\/div>\n\n\n\n<p><\/p>\n\n\n\n<p><\/p>\n\n\n\n<figure class=\"wp-block-image size-large\"><a href=\"https:\/\/absoluteabfahrt.ilrc.de\/wp-content\/uploads\/2026\/08\/Lino_Neumann_-_DHC_Ilmenau_2026-2-scaled.jpg\"><img decoding=\"async\" loading=\"lazy\" width=\"1024\" height=\"683\" src=\"https:\/\/absoluteabfahrt.ilrc.de\/wp-content\/uploads\/2026\/08\/Lino_Neumann_-_DHC_Ilmenau_2026-2-1024x683.jpg\" alt=\"\" class=\"wp-image-1102\" srcset=\"https:\/\/absoluteabfahrt.ilrc.de\/wp-content\/uploads\/2026\/08\/Lino_Neumann_-_DHC_Ilmenau_2026-2-1024x683.jpg 1024w, https:\/\/absoluteabfahrt.ilrc.de\/wp-content\/uploads\/2026\/08\/Lino_Neumann_-_DHC_Ilmenau_2026-2-300x200.jpg 300w, https:\/\/absoluteabfahrt.ilrc.de\/wp-content\/uploads\/2026\/08\/Lino_Neumann_-_DHC_Ilmenau_2026-2-768x512.jpg 768w, https:\/\/absoluteabfahrt.ilrc.de\/wp-content\/uploads\/2026\/08\/Lino_Neumann_-_DHC_Ilmenau_2026-2-1536x1024.jpg 1536w, https:\/\/absoluteabfahrt.ilrc.de\/wp-content\/uploads\/2026\/08\/Lino_Neumann_-_DHC_Ilmenau_2026-2-2048x1365.jpg 2048w, https:\/\/absoluteabfahrt.ilrc.de\/wp-content\/uploads\/2026\/08\/Lino_Neumann_-_DHC_Ilmenau_2026-2-150x100.jpg 150w\" sizes=\"(max-width: 1024px) 100vw, 1024px\" \/><\/a><\/figure>\n\n\n\n<p><\/p>\n\n\n\n<h3 class=\"wp-block-heading\"><strong>Sonntag \u2013 Race Day<\/strong><\/h3>\n\n\n\n<p>Der Sonntag startete noch frisch, doch schon bald wurde es hei\u00df \u2013 und damit passte auch das Wetter perfekt zur Stimmung rund um die Strecke. Denn das 30-j\u00e4hrige Jubil\u00e4um der Absoluten Abfahrt wurde nicht einfach nur gefahren, sondern gefeiert. \u00dcberall standen Fans, Familien und Freunde des Sports und machten aus dem Rennen ein echtes Downhill-Fest.<\/p>\n\n\n\n<p>Besonders die legend\u00e4re Fankurve war wieder komplett gef\u00fcllt. Sobald ein Fahrer durch den Wald schoss, wurde es laut. Jeder Rider bekam dort noch einmal eine Extraportion Motivation mit auf den Weg \u2013 und genau diese Mischung aus N\u00e4he zur Strecke und v\u00f6lliger Begeisterung macht Ilmenau so besonders. Bei kaum einem anderen Rennen ist die Unterst\u00fctzung der Fans derart unmittelbar und verr\u00fcckt.<\/p>\n\n\n\n<div class=\"wp-block-columns is-layout-flex wp-container-4\">\n<div class=\"wp-block-column is-layout-flow\">\n<figure class=\"wp-block-image size-large\"><a href=\"https:\/\/absoluteabfahrt.ilrc.de\/wp-content\/uploads\/2026\/08\/Mattis_Riechmann_-_DHC_Ilmenau_2026-2-scaled.jpg\"><img decoding=\"async\" loading=\"lazy\" width=\"1024\" height=\"683\" src=\"https:\/\/absoluteabfahrt.ilrc.de\/wp-content\/uploads\/2026\/08\/Mattis_Riechmann_-_DHC_Ilmenau_2026-2-1024x683.jpg\" alt=\"\" class=\"wp-image-1103\" srcset=\"https:\/\/absoluteabfahrt.ilrc.de\/wp-content\/uploads\/2026\/08\/Mattis_Riechmann_-_DHC_Ilmenau_2026-2-1024x683.jpg 1024w, https:\/\/absoluteabfahrt.ilrc.de\/wp-content\/uploads\/2026\/08\/Mattis_Riechmann_-_DHC_Ilmenau_2026-2-300x200.jpg 300w, https:\/\/absoluteabfahrt.ilrc.de\/wp-content\/uploads\/2026\/08\/Mattis_Riechmann_-_DHC_Ilmenau_2026-2-768x512.jpg 768w, https:\/\/absoluteabfahrt.ilrc.de\/wp-content\/uploads\/2026\/08\/Mattis_Riechmann_-_DHC_Ilmenau_2026-2-1536x1024.jpg 1536w, https:\/\/absoluteabfahrt.ilrc.de\/wp-content\/uploads\/2026\/08\/Mattis_Riechmann_-_DHC_Ilmenau_2026-2-2048x1365.jpg 2048w, https:\/\/absoluteabfahrt.ilrc.de\/wp-content\/uploads\/2026\/08\/Mattis_Riechmann_-_DHC_Ilmenau_2026-2-150x100.jpg 150w\" sizes=\"(max-width: 1024px) 100vw, 1024px\" \/><\/a><\/figure>\n<\/div>\n\n\n\n<div class=\"wp-block-column is-layout-flow\">\n<figure class=\"wp-block-image size-large\"><a href=\"https:\/\/absoluteabfahrt.ilrc.de\/wp-content\/uploads\/2026\/08\/Daniel_Schamul_-_DHC_Ilmenau_2026-2-scaled.jpg\"><img decoding=\"async\" loading=\"lazy\" width=\"1024\" height=\"683\" src=\"https:\/\/absoluteabfahrt.ilrc.de\/wp-content\/uploads\/2026\/08\/Daniel_Schamul_-_DHC_Ilmenau_2026-2-1024x683.jpg\" alt=\"\" class=\"wp-image-1104\" srcset=\"https:\/\/absoluteabfahrt.ilrc.de\/wp-content\/uploads\/2026\/08\/Daniel_Schamul_-_DHC_Ilmenau_2026-2-1024x683.jpg 1024w, https:\/\/absoluteabfahrt.ilrc.de\/wp-content\/uploads\/2026\/08\/Daniel_Schamul_-_DHC_Ilmenau_2026-2-300x200.jpg 300w, https:\/\/absoluteabfahrt.ilrc.de\/wp-content\/uploads\/2026\/08\/Daniel_Schamul_-_DHC_Ilmenau_2026-2-768x512.jpg 768w, https:\/\/absoluteabfahrt.ilrc.de\/wp-content\/uploads\/2026\/08\/Daniel_Schamul_-_DHC_Ilmenau_2026-2-1536x1024.jpg 1536w, https:\/\/absoluteabfahrt.ilrc.de\/wp-content\/uploads\/2026\/08\/Daniel_Schamul_-_DHC_Ilmenau_2026-2-2048x1365.jpg 2048w, https:\/\/absoluteabfahrt.ilrc.de\/wp-content\/uploads\/2026\/08\/Daniel_Schamul_-_DHC_Ilmenau_2026-2-150x100.jpg 150w\" sizes=\"(max-width: 1024px) 100vw, 1024px\" \/><\/a><\/figure>\n<\/div>\n<\/div>\n\n\n\n<figure class=\"wp-block-image size-large\"><a href=\"https:\/\/absoluteabfahrt.ilrc.de\/wp-content\/uploads\/2026\/08\/Karla_Joerger_-_DHC_Ilmenau_2026-scaled.jpg\"><img decoding=\"async\" loading=\"lazy\" width=\"1024\" height=\"683\" src=\"https:\/\/absoluteabfahrt.ilrc.de\/wp-content\/uploads\/2026\/08\/Karla_Joerger_-_DHC_Ilmenau_2026-1024x683.jpg\" alt=\"\" class=\"wp-image-1113\" srcset=\"https:\/\/absoluteabfahrt.ilrc.de\/wp-content\/uploads\/2026\/08\/Karla_Joerger_-_DHC_Ilmenau_2026-1024x683.jpg 1024w, https:\/\/absoluteabfahrt.ilrc.de\/wp-content\/uploads\/2026\/08\/Karla_Joerger_-_DHC_Ilmenau_2026-300x200.jpg 300w, https:\/\/absoluteabfahrt.ilrc.de\/wp-content\/uploads\/2026\/08\/Karla_Joerger_-_DHC_Ilmenau_2026-768x512.jpg 768w, https:\/\/absoluteabfahrt.ilrc.de\/wp-content\/uploads\/2026\/08\/Karla_Joerger_-_DHC_Ilmenau_2026-1536x1024.jpg 1536w, https:\/\/absoluteabfahrt.ilrc.de\/wp-content\/uploads\/2026\/08\/Karla_Joerger_-_DHC_Ilmenau_2026-2048x1365.jpg 2048w, https:\/\/absoluteabfahrt.ilrc.de\/wp-content\/uploads\/2026\/08\/Karla_Joerger_-_DHC_Ilmenau_2026-150x100.jpg 150w\" sizes=\"(max-width: 1024px) 100vw, 1024px\" \/><\/a><\/figure>\n\n\n\n<p><\/p>\n\n\n\n<h3 class=\"wp-block-heading\"><strong>Ein Finale mit G\u00e4nsehaut<\/strong><\/h3>\n\n\n\n<p>Sportlich blieb es bis zum Schluss spannend. Bei den Elite Men musste Lino Neumann seinen Run nach einem technischen Defekt vorzeitig abhaken. Daf\u00fcr nutzte&nbsp;<strong>Max Becker<\/strong>&nbsp;(GER &#8211; DH Talent Team) seine Chance und fuhr mit einer starken Leistung zum Sieg. Bei den Elite Women musste sich Hanna Blochberger diesmal mit Platz zwei zufriedengeben \u2013&nbsp;<strong>Karla J\u00f6rger&nbsp;<\/strong>(GER &#8211; DH Talent Team) war an diesem Tag noch schneller und sicherte sich den Sieg. Damit konnte auch das von iXS gesponserte DH Talent Team wieder einige starke Erfolge feiern. Und dann wurde nat\u00fcrlich noch ordentlich gefeiert. Die Siegerehrung verwandelte den Zielbereich endg\u00fcltig in einen Hexenkessel \u2013 mit Stage Diving, jubelnden Fahrern und einigen ausgiebigen Sekt-Duschen.<\/p>\n\n\n\n<div class=\"wp-block-buttons is-layout-flex\">\n<div class=\"wp-block-button has-custom-width wp-block-button__width-50 has-custom-font-size is-style-fill has-small-font-size\"><a class=\"wp-block-button__link wp-element-button\" href=\"\" style=\"border-radius:0px\" target=\"_blank\" rel=\"noreferrer noopener\">Ergebnis Final Run <\/a><\/div>\n<\/div>\n\n\n\n<p><\/p>\n\n\n\n<figure class=\"wp-block-gallery has-nested-images columns-default is-cropped wp-block-gallery-6 is-layout-flex\">\n<figure class=\"wp-block-image size-large\"><a href=\"https:\/\/absoluteabfahrt.ilrc.de\/wp-content\/uploads\/2026\/08\/Awards_Ceremony_-_DHC_Ilmenau_2026_-_9-scaled.jpg\"><img decoding=\"async\" loading=\"lazy\" width=\"1024\" height=\"683\" data-id=\"1108\"  src=\"https:\/\/absoluteabfahrt.ilrc.de\/wp-content\/uploads\/2026\/08\/Awards_Ceremony_-_DHC_Ilmenau_2026_-_9-1024x683.jpg\" alt=\"\" class=\"wp-image-1108\" srcset=\"https:\/\/absoluteabfahrt.ilrc.de\/wp-content\/uploads\/2026\/08\/Awards_Ceremony_-_DHC_Ilmenau_2026_-_9-1024x683.jpg 1024w, https:\/\/absoluteabfahrt.ilrc.de\/wp-content\/uploads\/2026\/08\/Awards_Ceremony_-_DHC_Ilmenau_2026_-_9-300x200.jpg 300w, https:\/\/absoluteabfahrt.ilrc.de\/wp-content\/uploads\/2026\/08\/Awards_Ceremony_-_DHC_Ilmenau_2026_-_9-768x512.jpg 768w, https:\/\/absoluteabfahrt.ilrc.de\/wp-content\/uploads\/2026\/08\/Awards_Ceremony_-_DHC_Ilmenau_2026_-_9-1536x1024.jpg 1536w, https:\/\/absoluteabfahrt.ilrc.de\/wp-content\/uploads\/2026\/08\/Awards_Ceremony_-_DHC_Ilmenau_2026_-_9-2048x1365.jpg 2048w, https:\/\/absoluteabfahrt.ilrc.de\/wp-content\/uploads\/2026\/08\/Awards_Ceremony_-_DHC_Ilmenau_2026_-_9-150x100.jpg 150w\" sizes=\"(max-width: 1024px) 100vw, 1024px\" \/><\/a><\/figure>\n\n\n\n<figure class=\"wp-block-image size-large\"><a href=\"https:\/\/absoluteabfahrt.ilrc.de\/wp-content\/uploads\/2026\/08\/Champagner_-_DHC_Ilmenau_2026-scaled.jpg\"><img decoding=\"async\" loading=\"lazy\" width=\"1024\" height=\"683\" data-id=\"1112\"  src=\"https:\/\/absoluteabfahrt.ilrc.de\/wp-content\/uploads\/2026\/08\/Champagner_-_DHC_Ilmenau_2026-1024x683.jpg\" alt=\"\" class=\"wp-image-1112\" srcset=\"https:\/\/absoluteabfahrt.ilrc.de\/wp-content\/uploads\/2026\/08\/Champagner_-_DHC_Ilmenau_2026-1024x683.jpg 1024w, https:\/\/absoluteabfahrt.ilrc.de\/wp-content\/uploads\/2026\/08\/Champagner_-_DHC_Ilmenau_2026-300x200.jpg 300w, https:\/\/absoluteabfahrt.ilrc.de\/wp-content\/uploads\/2026\/08\/Champagner_-_DHC_Ilmenau_2026-768x512.jpg 768w, https:\/\/absoluteabfahrt.ilrc.de\/wp-content\/uploads\/2026\/08\/Champagner_-_DHC_Ilmenau_2026-1536x1024.jpg 1536w, https:\/\/absoluteabfahrt.ilrc.de\/wp-content\/uploads\/2026\/08\/Champagner_-_DHC_Ilmenau_2026-2048x1365.jpg 2048w, https:\/\/absoluteabfahrt.ilrc.de\/wp-content\/uploads\/2026\/08\/Champagner_-_DHC_Ilmenau_2026-150x100.jpg 150w\" sizes=\"(max-width: 1024px) 100vw, 1024px\" \/><\/a><\/figure>\n\n\n\n<figure class=\"wp-block-image size-large\"><a href=\"https:\/\/absoluteabfahrt.ilrc.de\/wp-content\/uploads\/2026\/08\/Elite_Men_-_DHC_Ilmenau_2026-scaled.jpg\"><img decoding=\"async\" loading=\"lazy\" width=\"1024\" height=\"683\" data-id=\"1107\"  src=\"https:\/\/absoluteabfahrt.ilrc.de\/wp-content\/uploads\/2026\/08\/Elite_Men_-_DHC_Ilmenau_2026-1024x683.jpg\" alt=\"\" class=\"wp-image-1107\" srcset=\"https:\/\/absoluteabfahrt.ilrc.de\/wp-content\/uploads\/2026\/08\/Elite_Men_-_DHC_Ilmenau_2026-1024x683.jpg 1024w, https:\/\/absoluteabfahrt.ilrc.de\/wp-content\/uploads\/2026\/08\/Elite_Men_-_DHC_Ilmenau_2026-300x200.jpg 300w, https:\/\/absoluteabfahrt.ilrc.de\/wp-content\/uploads\/2026\/08\/Elite_Men_-_DHC_Ilmenau_2026-768x512.jpg 768w, https:\/\/absoluteabfahrt.ilrc.de\/wp-content\/uploads\/2026\/08\/Elite_Men_-_DHC_Ilmenau_2026-1536x1024.jpg 1536w, https:\/\/absoluteabfahrt.ilrc.de\/wp-content\/uploads\/2026\/08\/Elite_Men_-_DHC_Ilmenau_2026-2048x1365.jpg 2048w, https:\/\/absoluteabfahrt.ilrc.de\/wp-content\/uploads\/2026\/08\/Elite_Men_-_DHC_Ilmenau_2026-150x100.jpg 150w\" sizes=\"(max-width: 1024px) 100vw, 1024px\" \/><\/a><\/figure>\n\n\n\n<figure class=\"wp-block-image size-large\"><a href=\"https:\/\/absoluteabfahrt.ilrc.de\/wp-content\/uploads\/2026\/08\/Elite_Women_-_DHC_Ilmenau_2026_-_1-scaled.jpg\"><img decoding=\"async\" loading=\"lazy\" width=\"1024\" height=\"779\" data-id=\"1106\"  src=\"https:\/\/absoluteabfahrt.ilrc.de\/wp-content\/uploads\/2026\/08\/Elite_Women_-_DHC_Ilmenau_2026_-_1-1024x779.jpg\" alt=\"\" class=\"wp-image-1106\" srcset=\"https:\/\/absoluteabfahrt.ilrc.de\/wp-content\/uploads\/2026\/08\/Elite_Women_-_DHC_Ilmenau_2026_-_1-1024x779.jpg 1024w, https:\/\/absoluteabfahrt.ilrc.de\/wp-content\/uploads\/2026\/08\/Elite_Women_-_DHC_Ilmenau_2026_-_1-300x228.jpg 300w, https:\/\/absoluteabfahrt.ilrc.de\/wp-content\/uploads\/2026\/08\/Elite_Women_-_DHC_Ilmenau_2026_-_1-768x584.jpg 768w, https:\/\/absoluteabfahrt.ilrc.de\/wp-content\/uploads\/2026\/08\/Elite_Women_-_DHC_Ilmenau_2026_-_1-1536x1168.jpg 1536w, https:\/\/absoluteabfahrt.ilrc.de\/wp-content\/uploads\/2026\/08\/Elite_Women_-_DHC_Ilmenau_2026_-_1-2048x1557.jpg 2048w, https:\/\/absoluteabfahrt.ilrc.de\/wp-content\/uploads\/2026\/08\/Elite_Women_-_DHC_Ilmenau_2026_-_1-150x114.jpg 150w, https:\/\/absoluteabfahrt.ilrc.de\/wp-content\/uploads\/2026\/08\/Elite_Women_-_DHC_Ilmenau_2026_-_1-264x201.jpg 264w\" sizes=\"(max-width: 1024px) 100vw, 1024px\" \/><\/a><\/figure>\n\n\n\n<figure class=\"wp-block-image size-large\"><a href=\"https:\/\/absoluteabfahrt.ilrc.de\/wp-content\/uploads\/2026\/08\/Hanna_Blochberger_-_DHC_Ilmenau_2026_2-scaled.jpg\"><img decoding=\"async\" loading=\"lazy\" width=\"1024\" height=\"683\" data-id=\"1105\"  src=\"https:\/\/absoluteabfahrt.ilrc.de\/wp-content\/uploads\/2026\/08\/Hanna_Blochberger_-_DHC_Ilmenau_2026_2-1024x683.jpg\" alt=\"\" class=\"wp-image-1105\" srcset=\"https:\/\/absoluteabfahrt.ilrc.de\/wp-content\/uploads\/2026\/08\/Hanna_Blochberger_-_DHC_Ilmenau_2026_2-1024x683.jpg 1024w, https:\/\/absoluteabfahrt.ilrc.de\/wp-content\/uploads\/2026\/08\/Hanna_Blochberger_-_DHC_Ilmenau_2026_2-300x200.jpg 300w, https:\/\/absoluteabfahrt.ilrc.de\/wp-content\/uploads\/2026\/08\/Hanna_Blochberger_-_DHC_Ilmenau_2026_2-768x512.jpg 768w, https:\/\/absoluteabfahrt.ilrc.de\/wp-content\/uploads\/2026\/08\/Hanna_Blochberger_-_DHC_Ilmenau_2026_2-1536x1024.jpg 1536w, https:\/\/absoluteabfahrt.ilrc.de\/wp-content\/uploads\/2026\/08\/Hanna_Blochberger_-_DHC_Ilmenau_2026_2-2048x1365.jpg 2048w, https:\/\/absoluteabfahrt.ilrc.de\/wp-content\/uploads\/2026\/08\/Hanna_Blochberger_-_DHC_Ilmenau_2026_2-150x100.jpg 150w\" sizes=\"(max-width: 1024px) 100vw, 1024px\" \/><\/a><\/figure>\n\n\n\n<figure class=\"wp-block-image size-large\"><a href=\"https:\/\/absoluteabfahrt.ilrc.de\/wp-content\/uploads\/2026\/08\/Max_Becker_-_DHC_Ilmenau_2026_2-scaled.jpg\"><img decoding=\"async\" loading=\"lazy\" width=\"1024\" height=\"683\" data-id=\"1111\"  src=\"https:\/\/absoluteabfahrt.ilrc.de\/wp-content\/uploads\/2026\/08\/Max_Becker_-_DHC_Ilmenau_2026_2-1024x683.jpg\" alt=\"\" class=\"wp-image-1111\" srcset=\"https:\/\/absoluteabfahrt.ilrc.de\/wp-content\/uploads\/2026\/08\/Max_Becker_-_DHC_Ilmenau_2026_2-1024x683.jpg 1024w, https:\/\/absoluteabfahrt.ilrc.de\/wp-content\/uploads\/2026\/08\/Max_Becker_-_DHC_Ilmenau_2026_2-300x200.jpg 300w, https:\/\/absoluteabfahrt.ilrc.de\/wp-content\/uploads\/2026\/08\/Max_Becker_-_DHC_Ilmenau_2026_2-768x512.jpg 768w, https:\/\/absoluteabfahrt.ilrc.de\/wp-content\/uploads\/2026\/08\/Max_Becker_-_DHC_Ilmenau_2026_2-1536x1024.jpg 1536w, https:\/\/absoluteabfahrt.ilrc.de\/wp-content\/uploads\/2026\/08\/Max_Becker_-_DHC_Ilmenau_2026_2-2048x1365.jpg 2048w, https:\/\/absoluteabfahrt.ilrc.de\/wp-content\/uploads\/2026\/08\/Max_Becker_-_DHC_Ilmenau_2026_2-150x100.jpg 150w\" sizes=\"(max-width: 1024px) 100vw, 1024px\" \/><\/a><\/figure>\n\n\n\n<figure class=\"wp-block-image size-large\"><a href=\"https:\/\/absoluteabfahrt.ilrc.de\/wp-content\/uploads\/2026\/08\/Max_Becker_-_DHC_Ilmenau_2026-3-scaled.jpg\"><img decoding=\"async\" loading=\"lazy\" width=\"1024\" height=\"683\" data-id=\"1110\"  src=\"https:\/\/absoluteabfahrt.ilrc.de\/wp-content\/uploads\/2026\/08\/Max_Becker_-_DHC_Ilmenau_2026-3-1024x683.jpg\" alt=\"\" class=\"wp-image-1110\" srcset=\"https:\/\/absoluteabfahrt.ilrc.de\/wp-content\/uploads\/2026\/08\/Max_Becker_-_DHC_Ilmenau_2026-3-1024x683.jpg 1024w, https:\/\/absoluteabfahrt.ilrc.de\/wp-content\/uploads\/2026\/08\/Max_Becker_-_DHC_Ilmenau_2026-3-300x200.jpg 300w, https:\/\/absoluteabfahrt.ilrc.de\/wp-content\/uploads\/2026\/08\/Max_Becker_-_DHC_Ilmenau_2026-3-768x512.jpg 768w, https:\/\/absoluteabfahrt.ilrc.de\/wp-content\/uploads\/2026\/08\/Max_Becker_-_DHC_Ilmenau_2026-3-1536x1024.jpg 1536w, https:\/\/absoluteabfahrt.ilrc.de\/wp-content\/uploads\/2026\/08\/Max_Becker_-_DHC_Ilmenau_2026-3-2048x1365.jpg 2048w, https:\/\/absoluteabfahrt.ilrc.de\/wp-content\/uploads\/2026\/08\/Max_Becker_-_DHC_Ilmenau_2026-3-150x100.jpg 150w\" sizes=\"(max-width: 1024px) 100vw, 1024px\" \/><\/a><\/figure>\n\n\n\n<figure class=\"wp-block-image size-large\"><a href=\"https:\/\/absoluteabfahrt.ilrc.de\/wp-content\/uploads\/2026\/08\/Stage_Dive_-_DHC_Ilmenau_2026.webp\"><img decoding=\"async\" loading=\"lazy\" width=\"1024\" height=\"682\" data-id=\"1109\"  src=\"https:\/\/absoluteabfahrt.ilrc.de\/wp-content\/uploads\/2026\/08\/Stage_Dive_-_DHC_Ilmenau_2026-1024x682.webp\" alt=\"\" class=\"wp-image-1109\" srcset=\"https:\/\/absoluteabfahrt.ilrc.de\/wp-content\/uploads\/2026\/08\/Stage_Dive_-_DHC_Ilmenau_2026-1024x682.webp 1024w, https:\/\/absoluteabfahrt.ilrc.de\/wp-content\/uploads\/2026\/08\/Stage_Dive_-_DHC_Ilmenau_2026-300x200.webp 300w, https:\/\/absoluteabfahrt.ilrc.de\/wp-content\/uploads\/2026\/08\/Stage_Dive_-_DHC_Ilmenau_2026-768x512.webp 768w, https:\/\/absoluteabfahrt.ilrc.de\/wp-content\/uploads\/2026\/08\/Stage_Dive_-_DHC_Ilmenau_2026-1536x1024.webp 1536w, https:\/\/absoluteabfahrt.ilrc.de\/wp-content\/uploads\/2026\/08\/Stage_Dive_-_DHC_Ilmenau_2026-150x100.webp 150w, https:\/\/absoluteabfahrt.ilrc.de\/wp-content\/uploads\/2026\/08\/Stage_Dive_-_DHC_Ilmenau_2026.webp 1730w\" sizes=\"(max-width: 1024px) 100vw, 1024px\" \/><\/a><\/figure>\n<\/figure>\n","protected":false},"excerpt":{"rendered":"<p>Ilmenau feiert drei Jahrzehnte Downhill-Geschichte 30 Jahre Absolute Abfahrt \u2013 und Ilmenau hat einmal mehr gezeigt, warum dieses Rennen einen ganz besonderen Platz im Downhill-Kalender verdient. Zwischen Regen, Sonne, legend\u00e4ren Streckenpassagen und einer v\u00f6llig verr\u00fcckten Fankurve wurde das Jubil\u00e4umswochenende zu einem echten Fest f\u00fcr die Fans. Nass in den Start&#8230;<\/p>\n<p class=\"continue-reading-button\"> <a class=\"continue-reading-link\" href=\"https:\/\/absoluteabfahrt.ilrc.de\/?p=1095\">Weiterlesen<i class=\"crycon-right-dir\"><\/i><\/a><\/p>\n","protected":false},"author":1,"featured_media":0,"comment_status":"closed","ping_status":"open","sticky":false,"template":"","format":"standard","meta":[],"categories":[1],"tags":[],"_links":{"self":[{"href":"https:\/\/absoluteabfahrt.ilrc.de\/index.php?rest_route=\/wp\/v2\/posts\/1095"}],"collection":[{"href":"https:\/\/absoluteabfahrt.ilrc.de\/index.php?rest_route=\/wp\/v2\/posts"}],"about":[{"href":"https:\/\/absoluteabfahrt.ilrc.de\/index.php?rest_route=\/wp\/v2\/types\/post"}],"author":[{"embeddable":true,"href":"https:\/\/absoluteabfahrt.ilrc.de\/index.php?rest_route=\/wp\/v2\/users\/1"}],"replies":[{"embeddable":true,"href":"https:\/\/absoluteabfahrt.ilrc.de\/index.php?rest_route=%2Fwp%2Fv2%2Fcomments&post=1095"}],"version-history":[{"count":10,"href":"https:\/\/absoluteabfahrt.ilrc.de\/index.php?rest_route=\/wp\/v2\/posts\/1095\/revisions"}],"predecessor-version":[{"id":1122,"href":"https:\/\/absoluteabfahrt.ilrc.de\/index.php?rest_route=\/wp\/v2\/posts\/1095\/revisions\/1122"}],"wp:attachment":[{"href":"https:\/\/absoluteabfahrt.ilrc.de\/index.php?rest_route=%2Fwp%2Fv2%2Fmedia&parent=1095"}],"wp:term":[{"taxonomy":"category","embeddable":true,"href":"https:\/\/absoluteabfahrt.ilrc.de\/index.php?rest_route=%2Fwp%2Fv2%2Fcategories&post=1095"},{"taxonomy":"post_tag","embeddable":true,"href":"https:\/\/absoluteabfahrt.ilrc.de\/index.php?rest_route=%2Fwp%2Fv2%2Ftags&post=1095"}],"curies":[{"name":"wp","href":"https:\/\/api.w.org\/{rel}","templated":true}]}}